{"id":8701,"date":"2026-09-02T15:07:14","date_gmt":"2026-09-02T13:07:14","guid":{"rendered":"https:\/\/cyclosportive-travel.com\/?p=8701"},"modified":"2026-09-02T15:28:21","modified_gmt":"2026-09-02T13:28:21","slug":"mallorca-in-het-voorjaar","status":"publish","type":"post","link":"https:\/\/cyclosportive-travel.com\/en\/uncategorized\/mallorca-in-het-voorjaar\/","title":{"rendered":"Mallorca in het voorjaar: waarom heel wielrennend Europa hier zijn seizoen start"},"content":{"rendered":"<figure class=\"wp-block-image size-large\"><img fetchpriority=\"high\" decoding=\"async\" width=\"1024\" height=\"768\" src=\"https:\/\/cyclosportive-travel.com\/wp-content\/uploads\/2026\/09\/alexandra-zelena-Q42eToc7i68-unsplash-1024x768.jpg\" alt=\"\" class=\"wp-image-8702\" srcset=\"https:\/\/cyclosportive-travel.com\/wp-content\/uploads\/2026\/09\/alexandra-zelena-Q42eToc7i68-unsplash-1024x768.jpg 1024w, https:\/\/cyclosportive-travel.com\/wp-content\/uploads\/2026\/09\/alexandra-zelena-Q42eToc7i68-unsplash-300x225.jpg 300w, https:\/\/cyclosportive-travel.com\/wp-content\/uploads\/2026\/09\/alexandra-zelena-Q42eToc7i68-unsplash-768x576.jpg 768w, https:\/\/cyclosportive-travel.com\/wp-content\/uploads\/2026\/09\/alexandra-zelena-Q42eToc7i68-unsplash-1536x1152.jpg 1536w, https:\/\/cyclosportive-travel.com\/wp-content\/uploads\/2026\/09\/alexandra-zelena-Q42eToc7i68-unsplash-2048x1536.jpg 2048w, https:\/\/cyclosportive-travel.com\/wp-content\/uploads\/2026\/09\/alexandra-zelena-Q42eToc7i68-unsplash-16x12.jpg 16w, https:\/\/cyclosportive-travel.com\/wp-content\/uploads\/2026\/09\/alexandra-zelena-Q42eToc7i68-unsplash-600x450.jpg 600w, https:\/\/cyclosportive-travel.com\/wp-content\/uploads\/2026\/09\/alexandra-zelena-Q42eToc7i68-unsplash-150x113.jpg 150w\" sizes=\"(max-width: 1024px) 100vw, 1024px\" \/><\/figure>\n\n\n\n<h6 class=\"wp-block-heading\">Elk jaar, zodra de temperatuur in Nederland nog nauwelijks boven de tien graden uitkomt, vertrekt half wielrennend Europa naar hetzelfde eiland. Profteams, wielerclubs en individuele fietsers strijken neer op Mallorca, en niet toevallig.<\/h6>\n\n\n\n<h3 class=\"wp-block-heading\">Eiland voor wielrenners<\/h3>\n\n\n\n<p class=\"wp-block-paragraph\">Een eiland gebouwd voor wielrenners. Mallorca heeft er decennia geleden voor gekozen om wielertoerisme serieus te nemen: gladde wegen, weinig verkeer buiten het hoogseizoen en een fijnmazig netwerk van routes die vari\u00ebren van vlakke kustwegen tot de beroemde haarspeldbochten van de Serra de Tramuntana. De klim naar Sa Calobra staat terecht op de bucketlist van iedere klimmer.<\/p>\n\n\n\n<h3 class=\"wp-block-heading\">Mallorca312<\/h3>\n\n\n\n<p class=\"wp-block-paragraph\">Het decor voor Mallorca312. Wie in april deelneemt aan de Mallorca312 fietst niet zomaar een rondje het eiland, het is een van de zwaarste \u00e9\u00e9ndaagse uitdagingen van Europa: 312 kilometer met meer dan 4.700 hoogtemeters, in principe binnen \u00e9\u00e9n dag. Voor wie liever de kortere afstanden rijdt, zijn er ook een 225 en 167 kilometer-variant.<\/p>\n\n\n\n<p class=\"wp-block-paragraph\"><mark style=\"background-color:#8ed1fc\" class=\"has-inline-color has-white-color\">Also read: <a href=\"https:\/\/cyclosportive-travel.com\/en\/reis\/trainingskamp-mallorca\/\">Training camp Mallorca<\/a><\/mark><\/p>\n\n\n\n<h3 class=\"wp-block-heading\">Geen indoortraining, maar Mallorca<\/h3>\n\n\n\n<p class=\"wp-block-paragraph\">Waarom nu boeken? Het voorjaarsseizoen op Mallorca is precies wat je wielerlijf nodig heeft na een winter van rollerbank en donkere ritten: volume maken in de benen, in de zon, op wegen zonder gaten en verkeer. Vroeg boeken loont, de goede hotels en de mooiste periodes rond eind april zijn iedere winter sneller volgeboekt dan je zou verwachten.<\/p>\n\n\n\n<h3 class=\"wp-block-heading\">For whom?<\/h3>\n\n\n\n<p class=\"wp-block-paragraph\">Voor wie is dit? Voor de fietser die aan het begin van het seizoen kilometers wil maken in optimale omstandigheden en zijn grenzen wil opzoeken tijdens de Mallorca312. Bekijk de data en informatie van de Mallorca312 en begin jouw wielerseizoen zoals de profs dat doen.<\/p>\n\n\n\n<p class=\"wp-block-paragraph\">If you are still undecided between a fully self-organized trip or support along the way, take a look at the article about <strong>cycling tours<\/strong> help out on Cyclosportive Travel. For example, read more about <a href=\"https:\/\/cyclosportive-travel.com\/en\/tips-tricks\/fietsreis-cyclosportive\/\"><mark><mark style=\"background-color:#8ed1fc\" class=\"has-inline-color has-white-color\">everything you need to know about a cycling trip with CYCLOsportive<\/mark><\/mark><\/a>. Or discover the possibilities of the <a href=\"https:\/\/cyclosportive-travel.com\/en\/reizen\/maatwerk-fietsreizen\/\"><mark><mark style=\"background-color:#8ed1fc\" class=\"has-inline-color has-white-color\">trips that we can tailor entirely for you<\/mark><\/mark><\/a>.<\/p>","protected":false},"excerpt":{"rendered":"<p>Elk jaar, zodra de temperatuur in Nederland nog nauwelijks boven de tien graden uitkomt, vertrekt half wielrennend Europa naar hetzelfde eiland. Profteams, wielerclubs en individuele fietsers strijken neer op Mallorca, en niet toevallig. Eiland voor wielrenners Een eiland gebouwd voor wielrenners. Mallorca heeft er decennia geleden voor gekozen om wielertoerisme serieus te nemen: gladde wegen, weinig verkeer buiten het hoogseizoen en een fijnmazig netwerk van routes die vari\u00ebren van vlakke kustwegen tot de beroemde haarspeldbochten van de Serra de Tramuntana. De klim naar Sa Calobra staat terecht op de bucketlist van iedere klimmer. Mallorca312 Het decor voor Mallorca312. Wie in april deelneemt aan de Mallorca312 fietst niet zomaar een rondje het eiland, het is een van de zwaarste \u00e9\u00e9ndaagse uitdagingen van Europa: 312 kilometer met meer dan 4.700 hoogtemeters, in principe binnen \u00e9\u00e9n dag. Voor wie liever de kortere afstanden rijdt, zijn er ook een 225 en 167 kilometer-variant. Lees ook: Trainingskamp Mallorca Geen indoortraining, maar Mallorca Waarom nu boeken? Het voorjaarsseizoen op Mallorca is precies wat je wielerlijf nodig heeft na een winter van rollerbank en donkere ritten: volume maken in de benen, in de zon, op wegen zonder gaten en verkeer. Vroeg boeken loont, de goede hotels en de mooiste periodes rond eind april zijn iedere winter sneller volgeboekt dan je zou verwachten. Voor wie? Voor wie is dit? Voor de fietser die aan het begin van het seizoen kilometers wil maken in optimale omstandigheden en zijn grenzen wil opzoeken tijdens de Mallorca312. Bekijk de data en informatie van de Mallorca312 en begin jouw wielerseizoen zoals de profs dat doen. Wanneer je nog twijfelt tussen een volledig zelf georganiseerde reis of ondersteuning onderweg, kan een kijkje bij het artikel over fietsreizen op Cyclosportive Travel helpen. Lees bijvoorbeeld meer over alles wat je moet weten over een fietsreis met CYCLOsportive. Of ontdek de mogelijkheden van de reizen die we helemaal op maat voor je kunnen maken.<\/p>","protected":false},"author":2,"featured_media":8702,"comment_status":"open","ping_status":"closed","sticky":false,"template":"","format":"standard","meta":{"_acf_changed":false,"_seopress_titles_title":"Mallorca in het voorjaar: waarom heel wielrennend Europa hier zijn seizoen start","_seopress_titles_desc":"Start je wielerseizoen op Mallorca: ontdek perfecte voorjaarsroutes, de Serra de Tramuntana en de legendarische Mallorca312. Bekijk data en mogelijkheden.","_seopress_robots_index":"","_seopress_robots_follow":"","_seopress_robots_imageindex":"","_seopress_robots_snippet":"","_seopress_robots_primary_cat":"","_seopress_robots_breadcrumbs":"","_seopress_robots_freeze_modified_date":"","_seopress_robots_custom_modified_date":"","_seopress_robots_canonical":"","_seopress_social_fb_title":"","_seopress_social_fb_desc":"","_seopress_social_fb_img":"","_seopress_social_fb_img_attachment_id":0,"_seopress_social_fb_img_width":0,"_seopress_social_fb_img_height":0,"_seopress_social_twitter_title":"","_seopress_social_twitter_desc":"","_seopress_social_twitter_img":"","_seopress_social_twitter_img_attachment_id":0,"_seopress_social_twitter_img_width":0,"_seopress_social_twitter_img_height":0,"_seopress_redirections_value":"","_seopress_redirections_enabled":"","_seopress_redirections_enabled_regex":"","_seopress_redirections_logged_status":"","_seopress_redirections_param":"","_seopress_redirections_type":0,"_seopress_analysis_target_kw":"","_seopress_news_disabled":"","_seopress_video_disabled":"","_seopress_video":[],"_seopress_pro_schemas_manual":[],"_seopress_pro_rich_snippets_disable_all":"","_seopress_pro_rich_snippets_disable":[],"_seopress_pro_schemas":[],"footnotes":""},"categories":[66,1],"tags":[],"class_list":["post-8701","post","type-post","status-publish","format-standard","has-post-thumbnail","hentry","category-reizen","category-uncategorized"],"acf":[],"_links":{"self":[{"href":"https:\/\/cyclosportive-travel.com\/en\/wp-json\/wp\/v2\/posts\/8701","targetHints":{"allow":["GET"]}}],"collection":[{"href":"https:\/\/cyclosportive-travel.com\/en\/wp-json\/wp\/v2\/posts"}],"about":[{"href":"https:\/\/cyclosportive-travel.com\/en\/wp-json\/wp\/v2\/types\/post"}],"author":[{"embeddable":true,"href":"https:\/\/cyclosportive-travel.com\/en\/wp-json\/wp\/v2\/users\/2"}],"replies":[{"embeddable":true,"href":"https:\/\/cyclosportive-travel.com\/en\/wp-json\/wp\/v2\/comments?post=8701"}],"version-history":[{"count":1,"href":"https:\/\/cyclosportive-travel.com\/en\/wp-json\/wp\/v2\/posts\/8701\/revisions"}],"predecessor-version":[{"id":8703,"href":"https:\/\/cyclosportive-travel.com\/en\/wp-json\/wp\/v2\/posts\/8701\/revisions\/8703"}],"wp:featuredmedia":[{"embeddable":true,"href":"https:\/\/cyclosportive-travel.com\/en\/wp-json\/wp\/v2\/media\/8702"}],"wp:attachment":[{"href":"https:\/\/cyclosportive-travel.com\/en\/wp-json\/wp\/v2\/media?parent=8701"}],"wp:term":[{"taxonomy":"category","embeddable":true,"href":"https:\/\/cyclosportive-travel.com\/en\/wp-json\/wp\/v2\/categories?post=8701"},{"taxonomy":"post_tag","embeddable":true,"href":"https:\/\/cyclosportive-travel.com\/en\/wp-json\/wp\/v2\/tags?post=8701"}],"curies":[{"name":"wp","href":"https:\/\/api.w.org\/{rel}","templated":true}]}}